{"id":5420,"date":"2021-02-22T22:29:42","date_gmt":"2021-02-22T22:29:42","guid":{"rendered":"https:\/\/www.newmessage.org\/sk\/?p=5420"},"modified":"2021-02-22T22:29:42","modified_gmt":"2021-02-22T22:29:42","slug":"kto-si-nie-je-tvoja-mysel","status":"publish","type":"post","link":"https:\/\/www.v6.newmessage.org\/sk\/kto-si-nie-je-tvoja-mysel\/","title":{"rendered":"Kto si nie je tvoja myse\u013e"},"content":{"rendered":"<p><em>Prijat\u00e9 Bo\u017e\u00edm Poslom<br \/>\nMarshallom Vianom Summersom<br \/>\n29. Okt\u00f3bra 2009<br \/>\nV Boulder, Colorado<\/em><\/p>\n<p>Nie ste svojou mys\u013eou. Nie ste svojim intelektom. Kto ste, to nie s\u00fa va\u0161e my\u0161lienky. Nie ste svojimi presved\u010deniami. Nie ste svojimi spomienkami. Nie ste svojimi konfliktmi. Nie ste t\u00fdmi vecami, s ktor\u00fdmi sa stoto\u017e\u0148ujete.<span class=\"Apple-converted-space\">\u00a0<\/span><\/p>\n<p>Z\u00e1hada toho, kto ste existuje mimo dosahu a oblasti intelektu a mimo reality tela. Ale teraz ob\u00fdvate toto telo. A intelekt je tu na to, aby v\u00e1m pomohol zorientova\u0165 sa v tomto svete a z\u00fa\u010dastni\u0165 sa tu. Je to \u00fa\u017easn\u00fd prostriedok pre komunik\u00e1ciu. Ak je kultivovan\u00fd spr\u00e1vne, je vynikaj\u00faci, hlbok\u00fd a schopn\u00fd robi\u0165 \u00fa\u017easn\u00e9 veci. Ale pre v\u0161etk\u00fdch \u0161tudentov Poznania v\u0161etk\u00fdch trad\u00edci\u00ed je potrebn\u00e9 si uvedomi\u0165 rozdiel medzi va\u0161ou skuto\u010dnou povahou, va\u0161ou hlb\u0161ou povahou a zlo\u017een\u00edm va\u0161ej mysle a v\u00e1\u0161ho syst\u00e9mu viery, nech u\u017e s\u00fa akoko\u013evek usporiadan\u00e9 alebo neusporiadan\u00e9.<span class=\"Apple-converted-space\">\u00a0<\/span><\/p>\n<p>\u017de \u017eijete na povrchu mysle a nepozn\u00e1te jej h\u013abky, tajomstv\u00e1 a skuto\u010dn\u00fa moc a schopnosti &#8211; mus\u00ed to by\u0165 uvedomenie, inak si budete myslie\u0165, \u017ee spiritualita je viera alebo syst\u00e9m viery. Budete si myslie\u0165, \u017ee duchovn\u00e1 prax je o posil\u0148ovan\u00ed my\u0161lienok, posil\u0148ovan\u00ed presved\u010den\u00ed a to je samozrejme nesmierne manipulovan\u00e9 vl\u00e1dou a n\u00e1bo\u017eensk\u00fdmi in\u0161tit\u00faciami &#8211; manipul\u00e1ciou viery, preto\u017ee v\u00e4\u010d\u0161ina \u013eud\u00ed si e\u0161te neuvedomuje, \u017ee kto s\u00fa, nie je ich mys\u013eou a tak si myslia, \u017ee to \u010do si myslia, je to, \u010d\u00edm s\u00fa a to predstavuje ich realitu.<span class=\"Apple-converted-space\">\u00a0<\/span><\/p>\n<p>Akon\u00e1hle budete schopn\u00ed prelomi\u0165 tento predpoklad a t\u00fato fix\u00e1ciu, v\u00e1\u0161mu vn\u00fatorn\u00e9mu \u017eivotu sa za\u010dn\u00fa otv\u00e1ra\u0165 nov\u00e9 dvere, kde \u010doskoro za\u017eijete, \u017ee m\u00e1te v\u00e4\u010d\u0161iu podstatu, hlb\u0161iu podstatu nad va\u0161e my\u0161lienky a predstavy. Vydr\u017ete sedie\u0165 dvadsa\u0165 alebo tridsa\u0165 min\u00fat a bude to pre v\u00e1s ve\u013emi evidentn\u00e9.<span class=\"Apple-converted-space\">\u00a0<\/span><\/p>\n<p>Je to ako hluk na ulici &#8211; va\u0161a povrchov\u00e1 myse\u013e &#8211; r\u00fati sa, b\u00facha, pohybuje sa a nar\u00e1\u017ea. Posudzuje, porovn\u00e1va, fantaz\u00edruje, pam\u00e4t\u00e1, premieta vinu, premieta svoju v\u00f4\u013eu. Rob\u00ed toto v\u0161etko. Ak by ste v\u0161ak od nej mali ust\u00fapi\u0165, zavrie\u0165 tieto dvere, zavrie\u0165 tieto okn\u00e1 a vst\u00fapi\u0165 do vn\u00fatornej sv\u00e4tyne v\u00e1\u0161ho domova, zvuky ulice by ust\u00fapili a nakoniec \u00faplne zmizli.<span class=\"Apple-converted-space\">\u00a0<\/span><\/p>\n<p>Takto je to vo va\u0161ej mysli. Len \u010do sa ponor\u00edte pod povrch svojej mysle, zist\u00edte, \u017ee existuje v\u00e4\u010d\u0161ia realita, o ktorej ni\u010d neviete, realita s mnoh\u00fdmi \u00farov\u0148ami a \u017ee tu m\u00e1te hlb\u0161ie asoci\u00e1cie a hlb\u0161ie vz\u0165ahy. M\u00e1te vz\u0165ahy so svojou Duchovnou Rodinou, ktor\u00ed nie s\u00fa na svete. M\u00e1te vz\u0165ahy so svojou Duchovnou Rodinou, ktor\u00e1 \u017eije v in\u00fdch svetoch. M\u00e1te vz\u0165ah so svojimi U\u010dite\u013emi, t\u00fdmi Neviden\u00fdmi Pr\u00edtomnos\u0165ami, ktor\u00e9 bdia nad va\u0161im v\u00fdvojom a ktor\u00e9 v\u00e1m z \u010dasu na \u010das posielaj\u00fa my\u0161lienky, aby v\u00e1m pomohli v otvoren\u00ed sa realite v\u00e1\u0161ho skuto\u010dn\u00e9ho \u017eivota. A samozrejme m\u00e1te silu Poznania, hlb\u0161iu Myse\u013e vo va\u0161om vn\u00fatri, Myse\u013e, ktor\u00fa vytvoril Boh, nie myse\u013e, ktor\u00fa vytvorila kult\u00fara a svet.<span class=\"Apple-converted-space\">\u00a0<\/span><\/p>\n<p>T\u00e1to hlb\u0161ia myse\u013e sa \u00faplne l\u00ed\u0161i od v\u00e1\u0161ho intelektu a m\u00e1 ve\u013ek\u00fa moc a istotu. Neriadi sa strachom a t\u00fa\u017ebou. Nie je veden\u00e1 nutkan\u00edm a \u00fazkos\u0165ou. Na h\u013eadanie moci a uznania vo svete sa nemus\u00ed presadi\u0165, br\u00e1ni\u0165 a prem\u00e1ha\u0165 ostatn\u00fdch. Je to tu len preto, aby sl\u00fa\u017eila v\u00e4\u010d\u0161iemu \u00fa\u010delu, ktor\u00fd si sama uvedomuje vo va\u0161om vn\u00fatri.<span class=\"Apple-converted-space\">\u00a0<\/span><\/p>\n<p>Akon\u00e1hle preru\u0161\u00edte svoju prip\u00fatanos\u0165 k povrchu svojej mysle a uvedom\u00edte si, \u017ee to je len \u010das\u0165, ktor\u00fa vo svete hr\u00e1te &#8211; ako \u010das\u0165 ktor\u00fa by hral herec na javisku &#8211; potom m\u00f4\u017eete za\u010da\u0165 vidie\u0165, c\u00edti\u0165 a pre\u017e\u00edva\u0165 hlb\u0161\u00ed pr\u00fad svojho \u017eivota. To v\u00e1s v \u017eivote otv\u00e1ra, aby ste za\u017eili vz\u0165ahy, ktor\u00e9 predstavuj\u00fa tento hlb\u0161\u00ed pr\u00fad, toto hlb\u0161ie uvedomenie a tento v\u00e4\u010d\u0161\u00ed \u00fa\u010del dokopy.<\/p>\n<p>To zmier\u0148uje dopad strachu. To zmier\u0148uje vplyv t\u00fa\u017eby a n\u00e1tlaku. To zlom\u00ed va\u0161u fascin\u00e1ciu s va\u0161imi vlastn\u00fdmi fant\u00e1ziami. T\u00fdmto sa pretrhn\u00fa re\u0165azce identifik\u00e1cie, ktor\u00e9 v\u00e1s udr\u017eia v otroctve s\u00faboru n\u00e1padov a aktiv\u00edt, ktor\u00e9 nemaj\u00fa ni\u010d spolo\u010dn\u00e9 s t\u00fdm, kto skuto\u010dne ste a pre\u010do ste v skuto\u010dnosti na svete.<span class=\"Apple-converted-space\">\u00a0<\/span><\/p>\n<p>Ka\u017ed\u00fd, kto m\u00e1 ak\u00fako\u013evek duchovn\u00fa h\u013abku bez oh\u013eadu na to, v akej trad\u00edcii alebo obdob\u00ed v hist\u00f3rii prelomil t\u00fato fix\u00e1ciu a identifik\u00e1ciu s povrchom mysle. Vedia, \u017ee treba za\u017ei\u0165 v\u00e4\u010d\u0161ie pravdy, ktor\u00e9 samotn\u00e9 my\u0161lienky obsahova\u0165 nem\u00f4\u017eu, ktor\u00e9 te\u00f3rie a filozofie a syst\u00e9my myslenia nem\u00f4\u017eu plne predstavova\u0165. Vidia hranice vedy. Vidia hranice intelektu. Vidia hranice teol\u00f3gie a filozofie. Uzn\u00e1vaj\u00fa, \u017ee v ich \u017eivotoch je myst\u00e9rium a \u017ee maj\u00fa mo\u017enos\u0165 toto myst\u00e9rium za\u017ei\u0165 a prejavi\u0165 ho ostatn\u00fdm. Toto je ve\u013ek\u00fd bod obratu, vid\u00edte.<span class=\"Apple-converted-space\">\u00a0<\/span><\/p>\n<p>Ale ke\u010f sa pozer\u00e1te do sveta, \u013eudia s\u00fa \u00faplne zachyten\u00ed. Nem\u00f4\u017eu opusti\u0165 ulicu a h\u013eada\u0165 sv\u00e4ty\u0148u vo svojom vn\u00fatri. S\u00fa tak zachyten\u00ed, st\u00e1le stimuluj\u00fa svoju myse\u013e &#8211; z\u00edskavaj\u00fa nov\u00e9 my\u0161lienky, nov\u00e9 presved\u010denia a uplat\u0148uj\u00fa svoje star\u00e9 presved\u010denia a posil\u0148uj\u00fa svoje star\u00e9 presved\u010denia a stret\u00e1vaj\u00fa in\u00fdch \u013eud\u00ed vo vz\u0165ahoch, ktor\u00e9 im m\u00f4\u017eu pom\u00f4c\u0165 posilni\u0165 ich presved\u010denia. V\u0161etko je to vyh\u00fdbanie sa strachu &#8211; pr\u00e1zdnote, strachu zo straty, strachu z nen\u00e1jdenia, strachu zo straty, strachu zo zm\u00e4tku, strachu z chaosu, strachu z vlastnej smrte\u013enosti, strachu zo smrti a zni\u010denia.<span class=\"Apple-converted-space\">\u00a0<\/span><\/p>\n<p>V\u0161etka t\u00e1to neust\u00e1la aktivita na upev\u0148ovanie vlastnej identity jednoducho \u00fatek. \u00datek z reality, ktor\u00e1 vo v\u00e1s v tejto chv\u00edli \u017eije, ktor\u00e1 jedin\u00e1 m\u00e1 v sebe v\u00e4\u010d\u0161\u00ed zmysel a \u00fa\u010del v\u00e1\u0161ho \u017eivota. Je to \u00fatek pred sebou sam\u00edm. Je to \u00fatek pred va\u0161im vlastn\u00fdm strachom a neistotou, neust\u00e1le hnan\u00fd a zachyten\u00fd. Nie je to len n\u00e1hoda. Nie s\u00fa to len okolnosti.<span class=\"Apple-converted-space\">\u00a0<\/span><\/p>\n<p>\u013dudia nem\u00f4\u017eu sedie\u0165 p\u00e4\u0165 min\u00fat v k\u013eude. Nem\u00f4\u017eu za to vini\u0165 svoje okolnosti. \u010cas, ktor\u00fd ka\u017ed\u00fd de\u0148 tr\u00e1via pred zrkadlom v k\u00fape\u013eni, by bolo mo\u017en\u00e9 str\u00e1vi\u0165 tich\u00fdm seden\u00edm, precvi\u010dovan\u00edm vn\u00fatorn\u00e9ho po\u010d\u00favania, otv\u00e1ran\u00edm sa krajine mysle a ve\u013ekej studni ticha v sebe, ktor\u00e1 jednotlivcovi prin\u00e1\u0161a mier, n\u00e1h\u013ead a moc.<span class=\"Apple-converted-space\">\u00a0<\/span><\/p>\n<p>\u013dudia s\u00fa tak uv\u00e4znen\u00ed vo svojom intelekte, \u017ee akosi z neho nevedia n\u00e1js\u0165 v\u00fdchodisko, akoby boli obklopen\u00ed ostnat\u00fdm dr\u00f4tom a nevedia n\u00e1js\u0165 cestu von. Ale sedie\u0165 v k\u013eude a nasledova\u0165 dych, alebo opakova\u0165 zvuk alebo slovo sta\u010d\u00ed, ak pri tom zostanete, ak budete pokra\u010dova\u0165 v praxi a nebudete sklaman\u00ed alebo frustrovan\u00ed, ke\u010f spo\u010diatku zist\u00edte, ako ve\u013emi v\u00e1s dominuje va\u0161a myse\u013e a ak\u00fdm ste otrokom svojho myslenia, svojich presved\u010den\u00ed, svojich spomienok, svojich ob\u00e1v a projekci\u00ed svojich ob\u00e1v.<\/p>\n<p>Bohat\u00ed alebo chudobn\u00ed, toto je otroctvo, pod ktor\u00fdm \u013eudstvo bojuje a trp\u00ed. Cho\u010fte na najbohat\u0161ie miesta na svete a \u013eudia s\u00fa st\u00e1le otrokmi mysle, otrokmi svojich potrieb a svojich t\u00fa\u017eob, svojich n\u00e1tlakov a \u00fazkost\u00ed. Aj ke\u010f \u017eij\u00fa v n\u00e1dhere, spr\u00e1vaj\u00fa sa ako slu\u017eobn\u00edci &#8211; zodieraj\u00fa sa, nevedia \u010do ich utl\u00e1\u010da, nevidia v\u00fdchodisko.<span class=\"Apple-converted-space\">\u00a0<\/span><\/p>\n<p>N\u00e1bo\u017eenstvo sa potom riadi mys\u013eou a intelektom. St\u00e1va sa z neho ritu\u00e1l, viera, soci\u00e1lna po\u017eiadavka, soci\u00e1lna valid\u00e1cia. Strat\u00ed svoje prvenstvo, intimitu, vr\u00facnos\u0165, tajomstvo a milos\u0165. Teraz mus\u00edte \u00eds\u0165 do kostola, me\u0161ity alebo chr\u00e1mu, preto\u017ee sa to od v\u00e1s o\u010dak\u00e1va. A boj\u00edte sa, \u010do by sa mohlo sta\u0165, ak tak neurob\u00edte. A pros\u00edte Boha o veci, ktor\u00e9 v\u00e1m m\u00f4\u017eu pom\u00f4c\u0165, zachr\u00e1ni\u0165 v\u00e1s, da\u0165 v\u00e1m, \u010do chcete, ochr\u00e1ni\u0165 svojich bl\u00edzkych.<\/p>\n<p>Niektor\u00e9 \u017eiadosti s\u00fa skuto\u010dn\u00e9 a in\u00e9 nie. Ale vyh\u013ead\u00e1vate sk\u00fasenos\u0165 spojenia s Nebesk\u00fdm? Sna\u017e\u00edte sa za\u017ei\u0165 to, \u010do le\u017e\u00ed pod povrchom va\u0161ej mysle? Sna\u017e\u00edte sa spozna\u0165 svoju duchovn\u00fa realitu a povahu, ktor\u00e1 existuje nad r\u00e1mec teologick\u00fdch o\u010dak\u00e1van\u00ed a \u0161pekul\u00e1ci\u00ed?<span class=\"Apple-converted-space\">\u00a0<\/span><\/p>\n<p>Ste \u00faplne uv\u00e4znen\u00ed v prejavoch \u017eivota, ale \u010do jeho myst\u00e9rium? Jeho \u00fa\u010del? Jeho v\u00fdznam? Tieto veci sa daj\u00fa n\u00e1js\u0165 iba pod povrchom.<span class=\"Apple-converted-space\">\u00a0<\/span><\/p>\n<p>M\u00f4\u017eete vytv\u00e1ra\u0165 n\u00e1dhern\u00e9 vysvetlenia, fantastick\u00e9 te\u00f3rie viery, mimoriadne zlo\u017eit\u00e9 ideol\u00f3gie, ale myse\u013e nem\u00f4\u017ee uchopi\u0165 moc Ducha alebo realitu alebo m\u00fadros\u0165 Ducha, ktorou je moc a sila m\u00fadros\u0165 Poznania vo va\u0161om vn\u00fatri. Ale aby ste sa mohli za\u010da\u0165 venova\u0165 tomuto hlb\u0161iemu sk\u00famaniu a budova\u0165 si zru\u010dnosti, trpezlivos\u0165 a odhodlanie, ktor\u00e9 budete potrebova\u0165, mus\u00edte za\u010da\u0165 robi\u0165 Kroky k Poznaniu &#8211; nau\u010di\u0165 sa zamera\u0165 svoju myse\u013e a prek\u013aznu\u0165 cez jej poku\u0161enia a jej fix\u00e1cie.<span class=\"Apple-converted-space\">\u00a0<\/span><\/p>\n<p>Boh v\u00e1m dal naj\u010distej\u0161ie duchovn\u00e9 praktiky, ktor\u00e9 n\u00e1jdete pri cvi\u010den\u00ed pokoja a vn\u00fatorn\u00e9ho po\u010d\u00favania. A tieto praktiky s\u00fa uveden\u00e9 v Krokoch k Poznaniu. Nevy\u017eaduj\u00fa fantastick\u00e9 presved\u010denia. Nevy\u017eaduj\u00fa idoly uctievania. Nevy\u017eaduj\u00fa hrdinsk\u00e9 postavy, sv\u00e4t\u00fdch a z\u00e1chrancov a avatarov. M\u00f4\u017eete ich tr\u00e9nova\u0165 v nasleduj\u00facom okamihu. M\u00f4\u017eete ich praktizova\u0165 dnes ve\u010der alebo zajtra r\u00e1no.<span class=\"Apple-converted-space\">\u00a0<\/span><\/p>\n<p>Cvi\u010d\u00edte preto, lebo chcete pozna\u0165 hlb\u0161iu realitu svojho \u017eivota. A viete, \u017ee tam nie\u010do je, preto\u017ee ste v\u017edy vedeli, \u017ee tam nie\u010do je. Nie je to vecou viery.<span class=\"Apple-converted-space\">\u00a0<\/span><\/p>\n<p>Viery sa menia. S vierami sa manipuluje. Viery s\u00fa posil\u0148ovan\u00e9 a potom sa viery rozpadaj\u00fa. \u013dudia musia neust\u00e1le op\u00e4tovne potvrdzova\u0165 svoju vieru z d\u00f4vodu, \u017ee viera je vo svojej podstate nestabiln\u00e1, preto\u017ee nem\u00e1 hlb\u0161\u00ed z\u00e1klad. A k\u00fdm viera nebude ma\u0165 hlb\u0161\u00ed z\u00e1klad, bude nestabiln\u00e1 a nespo\u013eahliv\u00e1 a m\u00f4\u017ee sa sta\u0165 ve\u013emi sebaklamnou.<span class=\"Apple-converted-space\">\u00a0<\/span><\/p>\n<p>V medit\u00e1cii sa nau\u010d\u00edte ust\u00fapi\u0165 od svojej mysle a n\u00e1js\u0165 pokoj a mier, ktor\u00e9 umo\u017e\u0148uj\u00fa va\u0161ej mysli otvori\u0165 sa a va\u0161im zmyslom aby boli jasn\u00e9 a ostr\u00e9. Z toho vych\u00e1dza v\u00e4\u010d\u0161ie rozli\u0161ovanie a diskr\u00e9tnos\u0165 v \u017eivote.<span class=\"Apple-converted-space\">\u00a0<\/span><\/p>\n<p>Prestanete to\u013eko rozpr\u00e1va\u0165 a za\u010dnete viac po\u010d\u00fava\u0165. Odstupujete od neust\u00e1lej stimul\u00e1cie, aby ste mohli zosta\u0165 pri svojich vlastn\u00fdch sk\u00fasenostiach. Za\u010dnete si v\u00e1\u017ei\u0165 svoje sk\u00fasenosti viac ako svoje n\u00e1pady, \u010do je uvedomenie, \u017ee s\u00fa ove\u013ea pravdivej\u0161ie a spo\u013eahlivej\u0161ie. Po\u010d\u00favate ostatn\u00fdch inak. M\u00e1te in\u00fd vz\u0165ah k ostatn\u00fdm. H\u013abku pr\u00edrody za\u010dnete pre\u017e\u00edva\u0165 nielen ako scen\u00e9rie, ale ako \u017eivotn\u00fa silu. Za\u010dnete pre\u017e\u00edva\u0165 ment\u00e1lne prostredie svojho \u017eivota, prostredie myslenia a vplyvu a za\u010dn\u00fa sa v\u00e1m otv\u00e1ra\u0165 nov\u00e9 svety.<span class=\"Apple-converted-space\">\u00a0<\/span><\/p>\n<p>Boh pre v\u00e1s nem\u00f4\u017ee skuto\u010dne urobi\u0165 ni\u010d, k\u00fdm neza\u010dnete t\u00fato cestu oslobodenia. Nebudete \u00faplne osloboden\u00ed. To nie je realistick\u00fd cie\u013e. Ale akon\u00e1hle za\u010dnete rozli\u0161ova\u0165 medzi svojimi hlb\u0161\u00edmi sk\u00fasenos\u0165ami a svojim intelektom, dvere sa v\u00e1m za\u010dn\u00fa otv\u00e1ra\u0165. V\u00e1\u0161 \u017eivot za\u010dne ma\u0165 zmysel. A za\u010dnete pre\u017e\u00edva\u0165 hlb\u0161\u00ed pr\u00fad svojho \u017eivota, ktor\u00fd v\u017edy plynul, na rozdiel od va\u0161ich pl\u00e1nov a va\u0161ich cie\u013eov a toho, ako ste v\u00e1\u0161 \u017eivot str\u00e1vili v minulosti.<span class=\"Apple-converted-space\">\u00a0<\/span><\/p>\n<p>Povedzte si: \u201eNie som moja myse\u013e. Nie som m\u00f4j intelekt.\u201c Aj toto s\u00fa my\u0161lienky, ktor\u00e9 v\u0161ak odkazuj\u00fa na v\u00e4\u010d\u0161iu realitu vo va\u0161om vn\u00fatri, ktor\u00e1 sa net\u00fdka my\u0161lienok. Tu neponi\u017eujete intelekt, ale uvedomujete si, \u017ee mus\u00ed by\u0165 riaden\u00fd v\u00e4\u010d\u0161\u00edm Duchom vo va\u0161om vn\u00fatri a \u017ee v\u00e1\u0161 v\u00e4\u010d\u0161\u00ed Duch je riaden\u00fd Zdrojom celej spirituality.<span class=\"Apple-converted-space\">\u00a0<\/span><\/p>\n<p>Tu je intelekt cenen\u00fd, tak\u017ee ho chcete kultivova\u0165. Nechcete ho zne\u010disti\u0165 \u0161kared\u00fdmi a n\u00e1siln\u00fdmi vecami. Nechcete ho o\u010dier\u0148ova\u0165 sebade\u0161trukt\u00edvnym a poni\u017euj\u00facim spr\u00e1van\u00edm. Chcete, aby bol jasn\u00fd a siln\u00fd. Chcete, aby sl\u00fa\u017eil sk\u00f4r v\u00e1m, ako sl\u00fa\u017eili vy nemu.<\/p>\n<p>Toto je ve\u013ek\u00e1 korekcia vo va\u0161om vz\u0165ahu k sebe sam\u00e9mu, ktor\u00fd v z\u00e1sade predstavuje v\u00e1\u0161 vz\u0165ah k va\u0161ej mysli a k telu. Preto\u017ee m\u00e1te iba jedno Ja, tak\u017ee v\u00e1\u0161 vz\u0165ah k v\u00e1\u0161mu Ja je v\u00e1\u0161 vz\u0165ah k hlb\u0161ej realite vo va\u0161om vn\u00fatri. Ale z tejto reality m\u00e1te vz\u0165ah k svojej mysli a svojmu telu, ktor\u00e9 musia by\u0165 m\u00fadro a s\u00facitne riaden\u00e9, mana\u017eovan\u00e9 a namerovan\u00e9, a nie ponechan\u00e9 na to, aby sa riadili sami.<span class=\"Apple-converted-space\">\u00a0<\/span><\/p>\n<p>Va\u0161e telo je \u00fa\u017easn\u00fdm prostriedkom. Bez toho by ste tu nemohli komunikova\u0165 s \u013eu\u010fmi. Nepo\u010duli by v\u00e1s. Nemohli by v\u00e1s vidie\u0165. Nev\u0161imli by si va\u0161u pr\u00edtomnos\u0165, ani keby ste st\u00e1li ved\u013ea nich. Ak by ste nemali myse\u013e, nemohli by ste dosiahnu\u0165 ich myse\u013e. Boli by ste nevidite\u013en\u00ed. Ani by nevedeli, \u017ee tam ste. Myse\u013e je teda vz\u00e1cna vec. Telo je vz\u00e1cna vec, ale tak sa s n\u00edm vo svete zle zaobch\u00e1dza a je vo svete sa tak tragicky t\u00fdran\u00e9.<span class=\"Apple-converted-space\">\u00a0<\/span><\/p>\n<p>Ale pre v\u00e1s mus\u00edte teraz n\u00e1js\u0165 sp\u00f4sob, ako vybudova\u0165 skuto\u010dn\u00fd vz\u0165ah so svoj\u00edm v\u00e4\u010d\u0161\u00edm Ja, svojou hlb\u0161ou povahou, preto\u017ee to dr\u017e\u00ed k\u013e\u00fa\u010d k v\u00e1\u0161mu \u017eivotu a bud\u00facnosti. A \u010d\u00edm viac sa k tomu pribl\u00ed\u017eite, t\u00fdm \u0165a\u017e\u0161ie bude pre v\u00e1s urobi\u0165 chybu a zahodi\u0165 svoj \u017eivot.<span class=\"Apple-converted-space\">\u00a0<\/span><\/p>\n<p>Nemyslite si, \u017ee svoj \u017eivot nezahadzujete, alebo \u017ee ste pr\u00e1ve tam, kde mus\u00edte by\u0165 a \u017ee ste u\u017e veden\u00ed a riaden\u00ed, preto\u017ee to tak nie je. Ak ste k sebe \u00faprimn\u00ed, budete si to ur\u010dite musie\u0165 pripusti\u0165.<span class=\"Apple-converted-space\">\u00a0<\/span><\/p>\n<p>Je to pred vami ve\u013ek\u00e1 cesta. A Boh v\u00e1m dal cestu, cestu, ako znovu objavi\u0165 moc a pr\u00edtomnos\u0165 Poznania a jeho nesmiernu d\u00f4le\u017eitos\u0165 pre v\u00e1\u0161 \u017eivot a pre va\u0161u bud\u00facnos\u0165. Je to t\u00e1 najspo\u013eahlivej\u0161ia vec, ktor\u00e1 existuje.<span class=\"Apple-converted-space\">\u00a0<\/span><\/p>\n<p>Ke\u010f sa svet stane turbulentnej\u0161\u00edm a chaotickej\u0161\u00edm pri \u010delen\u00ed Ve\u013ek\u00fdm Vln\u00e1m Zmien, budete t\u00fato silu, toto vedenie a toto sebavedomie potrebova\u0165. Budete to musie\u0165 n\u00e1js\u0165 v ostatn\u00fdch a podpori\u0165 to v ostatn\u00fdch, preto\u017ee to bude sila Poznania a sila skuto\u010dn\u00fdch vz\u0165ahov, ktor\u00e9 v\u00e1s ochr\u00e1nia a poved\u00fa a doved\u00fa k va\u0161im v\u00e4\u010d\u0161\u00edm \u017eivotn\u00fdm \u00faspechom.<span class=\"Apple-converted-space\">\u00a0<\/span><\/p>\n<p>Intelekt o t\u00fdchto veciach nevie. M\u00f4\u017ee len \u0161pekulova\u0165, d\u00fafa\u0165 a veri\u0165. Ale istota v\u00e1\u0161ho v\u00e4\u010d\u0161ieho \u017eivota je u\u017e vo v\u00e1s ako tajn\u00e9 kargo, ktor\u00e9 sami nem\u00f4\u017eete otvori\u0165. Mus\u00ed to z v\u00e1s by\u0165 vyvolan\u00e9, ale aby z v\u00e1s bolo vyvolan\u00e9, mus\u00edte by\u0165 pripraven\u00ed. Mus\u00edte sa pripravi\u0165. Mus\u00edte sa dostato\u010dne oslobodi\u0165 od povrchu svojej mysle, aby ste pod n\u00edm mohli cestova\u0165, kedyko\u013evek to je potrebn\u00e9.<span class=\"Apple-converted-space\">\u00a0<\/span><\/p>\n<p>T\u00fdmto sp\u00f4sobom sa stanete m\u00e9diom medzi va\u0161im D\u00e1vnym Domovom a svetom, medzi va\u0161ou fyzickou realitou a va\u0161ou duchovnou realitou. Stanete sa prostriedkom na milos\u0165, moc a pr\u00ednos. Toto je t\u00fa\u017ebou v\u00e1\u0161ho srdca. Na to ste boli stvoren\u00ed.<span class=\"Apple-converted-space\">\u00a0<\/span><\/p>\n<p>Neboli ste stvoren\u00ed na to, aby ste \u017eili mizern\u00fd a chaotick\u00fd \u017eivot v drsnom a zlo\u017eitom svete. Toto nie je v\u00e1\u0161 prav\u00fd osud. M\u00f4\u017ee to by\u0165 va\u0161ou s\u00fa\u010dasnou realitou, ale nie je to v\u00e1\u0161 skuto\u010dn\u00fd osud. Ale n\u00e1pady sam\u00e9 o sebe v\u00e1s o tom v\u0161ak nem\u00f4\u017eu ubezpe\u010di\u0165. Mus\u00edte to za\u017ei\u0165 hlb\u0161ie v sebe a vo svojich skuto\u010dn\u00fdch vz\u0165ahoch s ostatn\u00fdmi.<span class=\"Apple-converted-space\">\u00a0<\/span><\/p>\n<p>Vypo\u010dujte si tieto slov\u00e1. Po\u010d\u00favajte Silu a Pr\u00edtomnos\u0165, ktor\u00e1 je s t\u00fdmito slovami. Po\u010dujte ich hlboko. Nespochyb\u0148ujte ich. Nepou\u017e\u00edvajte svoju myse\u013e ako druh plotu alebo bari\u00e9ry. Nepou\u017e\u00edvajte svoju myse\u013e na skr\u00fdvanie sa. Nepou\u017e\u00edvajte svoju myse\u013e na to, aby ste rie\u0161il to, \u010do v\u00e1m m\u00e1 najhlb\u0161ie sl\u00fa\u017ei\u0165.<span class=\"Apple-converted-space\">\u00a0<\/span><\/p>\n<p>Boh m\u00e1 pl\u00e1n pre v\u00e1\u0161 \u017eivot. So svojim intelektom to nedok\u00e1\u017eete pochopi\u0165, preto\u017ee to nebolo vytvoren\u00e9 va\u0161\u00edm intelektom a \u010faleko to prevy\u0161uje v\u00e1\u0161 intelekt. Preto va\u0161e n\u00e1bo\u017eensk\u00e9 viery nikdy nem\u00f4\u017eu by\u0165 absol\u00fatne, pokia\u013e nie ste hl\u00fapi a arogantn\u00ed. Myst\u00e9rium ich v\u017edy prekro\u010d\u00ed, zmetie ich a oslobodzuje v\u00e1s od nich.<span class=\"Apple-converted-space\">\u00a0<\/span><\/p>\n<p>Nech je toto va\u0161im porozumen\u00edm.<\/p>\n","protected":false},"excerpt":{"rendered":"<p>Prijat\u00e9 Bo\u017e\u00edm Poslom Marshallom Vianom Summersom 29. Okt\u00f3bra 2009 V Boulder, Colorado Nie ste svojou mys\u013eou. Nie ste svojim intelektom. Kto ste, to nie s\u00fa va\u0161e my\u0161lienky. Nie ste svojimi presved\u010deniami. Nie ste svojimi spomienkami. Nie ste svojimi konfliktmi. Nie ste t\u00fdmi vecami, s ktor\u00fdmi sa stoto\u017e\u0148ujete.\u00a0 Z\u00e1hada toho, kto ste existuje mimo dosahu a [&hellip;]<\/p>\n","protected":false},"author":22,"featured_media":0,"comment_status":"closed","ping_status":"open","sticky":false,"template":"","format":"standard","meta":{"_monsterinsights_skip_tracking":false,"_monsterinsights_sitenote_active":false,"_monsterinsights_sitenote_note":"","_monsterinsights_sitenote_category":0,"footnotes":""},"categories":[1],"tags":[75],"_links":{"self":[{"href":"https:\/\/www.v6.newmessage.org\/sk\/wp-json\/wp\/v2\/posts\/5420"}],"collection":[{"href":"https:\/\/www.v6.newmessage.org\/sk\/wp-json\/wp\/v2\/posts"}],"about":[{"href":"https:\/\/www.v6.newmessage.org\/sk\/wp-json\/wp\/v2\/types\/post"}],"author":[{"embeddable":true,"href":"https:\/\/www.v6.newmessage.org\/sk\/wp-json\/wp\/v2\/users\/22"}],"replies":[{"embeddable":true,"href":"https:\/\/www.v6.newmessage.org\/sk\/wp-json\/wp\/v2\/comments?post=5420"}],"version-history":[{"count":1,"href":"https:\/\/www.v6.newmessage.org\/sk\/wp-json\/wp\/v2\/posts\/5420\/revisions"}],"predecessor-version":[{"id":5421,"href":"https:\/\/www.v6.newmessage.org\/sk\/wp-json\/wp\/v2\/posts\/5420\/revisions\/5421"}],"wp:attachment":[{"href":"https:\/\/www.v6.newmessage.org\/sk\/wp-json\/wp\/v2\/media?parent=5420"}],"wp:term":[{"taxonomy":"category","embeddable":true,"href":"https:\/\/www.v6.newmessage.org\/sk\/wp-json\/wp\/v2\/categories?post=5420"},{"taxonomy":"post_tag","embeddable":true,"href":"https:\/\/www.v6.newmessage.org\/sk\/wp-json\/wp\/v2\/tags?post=5420"}],"curies":[{"name":"wp","href":"https:\/\/api.w.org\/{rel}","templated":true}]}}