{"id":5426,"date":"2021-05-21T01:22:40","date_gmt":"2021-05-21T01:22:40","guid":{"rendered":"https:\/\/www.newmessage.org\/sv\/?p=5426"},"modified":"2021-06-18T17:47:50","modified_gmt":"2021-06-18T17:47:50","slug":"the-engagement","status":"publish","type":"post","link":"https:\/\/www.v6.newmessage.org\/hu\/the-engagement\/","title":{"rendered":"3. A Kapcsolatfelv\u00e9tel"},"content":{"rendered":"<p><em>Amint Isten Hirn\u00f6k\u00e9nek,<br \/>\nMarshall Vian Summers-nek lett kinyilatkoztatva<br \/>\n2011, \u00e1prilis 16-\u00e1n<br \/>\nBoulder, Colorado-ban (USA)<\/em><\/p>\n<p>Itt most a Magasabb Tekint\u00e9ly sz\u00f3l hozz\u00e1d az Angyali Jelenl\u00e9t \u00fatj\u00e1n, m\u00e9gpedig egy olyan r\u00e9szedhez sz\u00f3lva, ami saj\u00e1t L\u00e9nyed k\u00f6zponti magva \u00e9s forr\u00e1sa, s amely t\u00e1rsadalmi kondicion\u00e1l\u00e1sodon, elk\u00e9pzel\u00e9seiden \u00e9s hitn\u00e9zetetiden, valamint a kult\u00far\u00e1dr\u00f3l, de m\u00e9g a vall\u00e1sodr\u00f3l is alkotott elk\u00e9pzel\u00e9seiden \u00e9s hitn\u00e9zeteide t\u00falr\u00f3l h\u00edv t\u00e9ged.<\/p>\n<p>A Magasabb Tekint\u00e9lynek \u00dczenete van a vil\u00e1g \u00e9s a vil\u00e1gban \u00e9l\u0151 minden szem\u00e9ly sz\u00e1m\u00e1ra. Az \u00dczenet nem egy \u00f6tlet vagy elk\u00e9pzel\u00e9s. T\u00f6bb mint egy gondolat-sorozat. Ez egy elh\u00edv\u00e1s s egyben egy meger\u0151s\u00edt\u00e9s is, amely reag\u00e1l\u00e1sra sz\u00f3l\u00edt fel s egyben meger\u0151s\u00edti is azt, miszerint van benned, s a vil\u00e1gban minden ember\u00e9ben, egy m\u00e9lyebben lak\u00f3z\u00f3 term\u00e9szet. Ennek a meger\u0151s\u00edt\u00e9se fordul\u00f3pontot jelent reag\u00e1l\u00f3k\u00e9pess\u00e9ged ter\u00e9n.<\/p>\n<p>A Hatalom \u00e9s a Jelenl\u00e9t a fizikai vil\u00e1gegyetem felett eln\u00f6k\u00f6lnek, olyan vil\u00e1gegyetem felett, amely sokkal hatalmasabb \u00e9s t\u00e1gasabb ann\u00e1l, mint amit el tudn\u00e1l k\u00e9pzelni, s\u0151t, m\u00e9g a fizikai vil\u00e1gegytemen t\u00falmen\u0151en eg\u00e9szen maga a Teremt\u00e9s nagyobb birodalmai felett is, amit megintcsak a vil\u00e1gban vajmi kevesen voltak k\u00e9peseke valaha is lehes\u00e9gesnek tartani.<\/p>\n<p>Ugyanakkor a Magasabb Tekint\u00e9ly te hozz\u00e1d, aa legmeghittebb r\u00e9szedhez sz\u00f3l, L\u00e9nyed k\u00f6z\u00e9ppontj\u00e1hoz, m\u00e9lyen az elm\u00e9d felsz\u00edne alatt.<\/p>\n<p>Ez a te lehet\u0151 legnagyszer\u0171bb kapcsolatod. Ez az \u00e9rtelem \u00e9s a c\u00e9l forr\u00e1sa minden emberrel, helyis\u00e9ggel, de m\u00e9g minden t\u00e1rggal val\u00f3 kapcsolatodat illet\u0151en is.<\/p>\n<p>Most van sz\u00fcks\u00e9ged arra, hogy ez a Magasabb Tekint\u00e9ly m\u00e9lyebb r\u00e9szedhez sz\u00f3lhasson, menyitva el\u00f6tted \u00e9smegismertetve veled ezt a m\u00e9lyebb r\u00e9szedet, hogy ez\u00e1ltal tudjon t\u00e9ged felk\u00e9sz\u00edteni egy \u00faj vil\u00e1gban val\u00f3 \u00e9letre, s hogy egy inelligens \u00e9lettel hemzseg\u0151 vil\u00e1gegyembe, az \u00e9let Nagyobb K\u00f6z\u00f6ss\u00e9g\u00e9be, be tudj\u00e1l kapcsol\u00f3dni.<\/p>\n<p>Te ezekr\u0151l nem tudsz, <\/p>\n<p>Ugyanakkor a r\u00e9sze vagy.<\/p>\n<p>Tal\u00e1n megtapasztaltad m\u00e1r valamikor m\u00e9lyebb term\u00e9szetedet<\/p>\n<p>Amikor tiszt\u00e1n l\u00e1tt\u00e1l,<\/p>\n<p>Amikor sejtelmeid voltak \u00e9s<\/p>\n<p>M\u00e9g akkor is amikor csal\u00f3dt\u00e1l,<\/p>\n<p>Amikor k\u00e9pes volt\u00e1l a hall\u00e1sra<\/p>\n<p>V\u00e1gyaidon \u00e9s f\u00e9lelmeiden,<\/p>\n<p>M\u00e1sok v\u00e1gyain \u00e9s f\u00e9lelmein t\u00falmen\u0151en.<\/p>\n<p>A Magasabb Tekint\u00e9ly t\u00e9ged h\u00edv,<\/p>\n<p>H\u00edv\u00f3szava elm\u00e9d \u0151si folyos\u00f3in \u00e1t visszhangzik benned,<\/p>\n<p>H\u00edv\u00f3szava hitn\u00e9zeteiden \u00e9s megannyi elfoglalts\u00e1godon tiszt\u00e1n \u00e1tsz\u0171r\u0151dve sz\u00f3l hozz\u00e1d.<\/p>\n<p>Isten ugyanis ism\u00e9t sz\u00f3lt \u00e9s<\/p>\n<p>A Sz\u00f3 \u00e9s a Hang \u00fajra a vil\u00e1gban vannak.<\/p>\n<p>Ez egy m\u00e9lyebbre hat\u00f3 kommunik\u00e1ci\u00f3,<\/p>\n<p>Sokkal m\u00e9lyrehat\u00f3bb \u00e9s m\u00e9lyebb \u00e9rtelm\u0171, mint amit az \u00e9rtelem fel tudna fogni.<\/p>\n<p>Egy nagyobb \u00e9s m\u00e9lyebb felel\u0151ss\u00e9gr\u0151l,<\/p>\n<p>Valamint a vil\u00e1gon bel\u00fcli \u00e9s az azon t\u00fali nagyobb kapcsolatr\u00f3l sz\u00f3l.<\/p>\n<p>Ennek a kapcsolatnak a r\u00e9v\u00e9n<\/p>\n<p>Leszel a h\u00edd,<\/p>\n<p>A vil\u00e1ggal \u00f6sszek\u00f6t\u0151 h\u00edd,<\/p>\n<p>Az \u0150si Otthonodhoz kapcsol\u00f3d\u00f3 h\u00edd,<\/p>\n<p>Ahonnan j\u00f6tt\u00e9l \u00e9s<\/p>\n<p>Ahov\u00e1 vissza fogsz t\u00e9rni.<\/p>\n<p>Az emberek sok mindent akarnak.<\/p>\n<p>Nagy f\u00e9lelmeik vannak \u2014<\/p>\n<p>A vesztes\u00e9g f\u00e9lelme,<\/p>\n<p>A nincstelens\u00e9g f\u00e9lelme,<\/p>\n<p>A hi\u00e1ny f\u00e9lelme,<\/p>\n<p>Az elnyom\u00e1s f\u00e9lelme,<\/p>\n<p>A f\u00e1jdalom \u00e9s a szenved\u00e9s f\u00e9lelme<\/p>\n<p>Valamint a hal\u00e1lt\u00f3l val\u00f3 f\u00e9lelem.<\/p>\n<p>A Magasabb Tekint\u00e9ly viszont ahhoz sz\u00f3l, ami mindezeken t\u00fal van.<\/p>\n<p>Itt a Teremt\u00f3 a Teremt\u00e9shez sz\u00f3l.<\/p>\n<p>A benned lev\u0151 Teremt\u00e9shez, ahhoz a m\u00e9lyebb elm\u00e9hez, amit Mi Tud\u00e1snak nevez\u00fcnk.<\/p>\n<p>Ez a te maradand\u00f3 r\u00e9szed.<\/p>\n<p>Itt arr\u00f3l a r\u00e9szedr\u00f3l van sz\u00f3, amely a mostani s az ezut\u00e1ni \u00e9leted el\u00f6tt l\u00e9tezett,<\/p>\n<p>S amely most \u00fatj\u00e1t j\u00e1rja az Elv\u00e1laszt\u00e1s birodalmain bel\u00fcl,<\/p>\n<p>Ahol vez\u00e9rl\u00e9s\u00e9t pust\u00e1n a Hangt\u00f3l kapja.<\/p>\n<p>Az emberek sok mindent akarnak.<\/p>\n<p>F\u00e9lelmeik vannak.<\/p>\n<p>Sokaknak szil\u00e1rd hitn\u00e9zeteik vannak.<\/p>\n<p>A Magasabb Tekint\u00e9ly viszont mindezeken t\u00fali dolgokr\u00f3l sz\u00f3l<\/p>\n<p>Mindazokhoz, akik l\u00e1tni \u00e9s hallani tudnak, tov\u00e1bb\u00e1 egy m\u00e9lyebb szintr\u0151l k\u00e9pesek erre reag\u00e1lni.<\/p>\n<p>Ezt nem tudod felbecs\u00fclni.<\/p>\n<p>Mghaladja \u00e9rtelmedet.<\/p>\n<p>Ezzel nem tudsz vit\u00e1ba sz\u00e1llni, mert meghaladja k\u00e9pess\u00e9geidet.<\/p>\n<p>Titokzatos, mivel mindent \u00e1that.<\/p>\n<p>Az itteni vil\u00e1gon \u00e9s minden m\u00e1s vil\u00e1gon t\u00fali az eredete,<\/p>\n<p>\u00dagyhogy m\u00e9g elk\u00e9pzelni sem tudod.<\/p>\n<p>Tapasztalata viszont oly m\u00e9lyrehat\u00f3, hogy meg tudja v\u00e1ltoztatni<\/p>\n<p>\u00e9letp\u00e1ly\u00e1dat<\/p>\n<p>\u00c9s riaszt fel t\u00e9ged az Elv\u00e1laszt\u00e1s \u00e1lm\u00e1b\u00f3l,<\/p>\n<p>Ez h\u00edv ki t\u00e9ged elfoglalts\u00e1gaid<\/p>\n<p>\u00c9s kapcsolataid vil\u00e1g\u00e1b\u00f3l<\/p>\n<p>\u00c9s minden egy\u00e9bb\u0151l,<\/p>\n<p>Hogy meg tudd hallani \u0150si Hangj\u00e1t,<\/p>\n<p>Ami annyira \u0151si, hogy k\u00e9ptelen vagy felismerni mif\u00e9le \u00e9letr\u00f3l sz\u00f3l,<\/p>\n<p>Noha \u00e9ppenhogya te \u00e9letedr\u00f3l sz\u00f3l.<\/p>\n<p>Isten tudja mi k\u00f6zeleg a l\u00e1that\u00e1ron.<\/p>\n<p>Isten tudja mi\u00e9rt vagy te itt.<\/p>\n<p>Isten egy bizonyos c\u00e9lb\u00f3l k\u00fcld\u00f6tt t\u00e9ged ide.<\/p>\n<p>Itt a saj\u00e1t terveid \u00e9s c\u00e9lki\u0171z\u00e9seid aligha j\u00f6hetnek sz\u00e1m\u00edt\u00e1sba.<\/p>\n<p>Ez a dolog ezekn\u00e9l sokkal nagyobb.<\/p>\n<p>Ez enn\u00e9l sokkal egyszer\u0171bb, ugyanakkor nem kev\u00e9sb\u00e9 magasztosabb.<\/p>\n<p>Ez L\u00e9nyed \u00e9s term\u00e9szeted \u00e9s alkatod l\u00e9nyege.<\/p>\n<p>Ez a legelemibb kapcsolat, amivel rendelkezel,<\/p>\n<p>A legm\u00e9lyebb szeretet,<\/p>\n<p>A legnagyobb vonzer\u0151.<\/p>\n<p>Ez t\u00e9ged saj\u00e1t magaddal hoz \u00f6ssze \u00e9s<\/p>\n<p>Ez ad \u00e9letednek f\u00f3kuszt.<\/p>\n<p>Kih\u00edv t\u00e9ged \u00e1rtalmas helyezekb\u00f3l, illetve azok al\u00f3l a helyzetek al\u00f3l, amelyek nem \u00edg\u00e9rkez\u0151ek a sz\u00e1modra.<\/p>\n<p>Elh\u00edv a vil\u00e1gban val\u00f3 nagyobb szolg\u00e1latra,<\/p>\n<p>A titokzatos \u0150si Hang ir\u00e1ny\u00edt\u00e1sa alatt,<\/p>\n<p>Olyan Hangon, amihez hasonl\u00f3t m\u00e9g nem hallott\u00e1l,<\/p>\n<p>Amely mindann\u00e1l m\u00e9lyebb mint amit valaha is \u00e9rezt\u00e9l,<\/p>\n<p>S nagyobb b\u00e1rmin\u00e9l, amit l\u00e1tni vagy megilletni lenn\u00e9l k\u00e9pes.<\/p>\n<p>Az emberek sok mindent akarnak.<\/p>\n<p>Nagy f\u00e9lelmek vez\u00e9rlik \u0151ket.<\/p>\n<p>M\u00e9g \u00f6r\u00f6meikbe is annyi f\u00e9lelem \u00e9s bizonytalans\u00e1g vegy\u00fcl.<\/p>\n<p>Az \u0150si Hang t\u00fal van viszont a f\u00e9lelmen,<\/p>\n<p>S amikor erre reag\u00e1lsz, te is t\u00fal leszel a f\u00e9lelmen.<\/p>\n<p>Ki tudn\u00e1 megmondani, hogy mi is ez?<\/p>\n<p>Ki tudn\u00e1 ezt felbecs\u00fclni?<\/p>\n<p>Ne l\u00e9gy ostoba, hogy haszonalapon kezdj\u00e9l ezen morfond\u00edrozni.<\/p>\n<p>Ne elemezd a dolgokat.<\/p>\n<p>Ne h\u0151k\u00f6lj vissza ett\u0151l,<\/p>\n<p>Mert ez a te \u00e9leted, a te c\u00e9lod \u00e9s a te elh\u00edv\u00e1sod.<\/p>\n<p>A Jelenl\u00e9t \u00e9s a Kegyelem van veled,<\/p>\n<p>Te viszont m\u00e1ssal vagy elfoglalva.<\/p>\n<p>Elm\u00e9d m\u00e1sfel\u00e9 j\u00e1r.<\/p>\n<p>Ami t\u00e9ged megment \u00e9s helyre\u00e1ll\u00edt<\/p>\n<p>Az most itt van veled,<\/p>\n<p>De te m\u00e1s ir\u00e1nyba n\u00e9zel\u0151dsz.<\/p>\n<p>A Kinyilatkoztat\u00e1s a vil\u00e1gban van.<\/p>\n<p>Isten ism\u00e9t elj\u00f6tt<\/p>\n<p>Egy Nagyobb \u00dczenettel az emberis\u00e9g sz\u00e1m\u00e1ra<\/p>\n<p>Valamint egy neh\u00e9z \u00e9s vesz\u00e9lyekkel teli j\u00f6v\u0151re val\u00f3 felk\u00e9sz\u00fcl\u00e9ssel az emberis\u00e9g sz\u00e1m\u00e1ra.<\/p>\n<p>De mi is ez?<\/p>\n<p>Mit is jelent?<\/p>\n<p>Mi\u00e9rt is t\u00f6rt\u00e9nik?<\/p>\n<p>Hogyan tudsz felk\u00e9sz\u00fclni r\u00e1?<\/p>\n<p>Csak a Kinyilatkoztat\u00e1s k\u00e9pes ezekre a k\u00e9rd\u00e9sekre megv\u00e1laszolni.<\/p>\n<p>Elk\u00fcl\u00f6n\u00fclve k\u00e9ptelen vagy megv\u00e1laszolni ezekre a k\u00e9rd\u00e9sekre.<\/p>\n<p>Az emberek sok mindent akarnak.<\/p>\n<p>Nagyon sz\u00e9tsz\u00f3rt a figyelm\u00fck.<\/p>\n<p>Nagyon el vannak foglalva,<\/p>\n<p>Ugyanakkor nem tudj\u00e1k hol \u00e1llnak \u00e9s mit is tesznek.<\/p>\n<p>C\u00e9ljaik t\u00f6bbnyire a t\u00e1rsadalom c\u00e9ljai.<\/p>\n<p>Nem tudj\u00e1k utuk merre viszi \u0151ket az \u00e9letben<\/p>\n<p>Vagy hogy mi\u00e9rt vannak itt<\/p>\n<p>Vagy hogy ki k\u00fcldte ide \u0151ket<\/p>\n<p>S hogy mi fogja \u0151ket helyre\u00e1ll\u00edtani<\/p>\n<p>\u00c9s bet\u00f6lteni<\/p>\n<p>\u00c9s \u00e9let\u00fcknek c\u00e9lt \u00e9s ir\u00e1nyt adni.<\/p>\n<p>Az \u0150si Hang sz\u00f3l most hozz\u00e1d.<\/p>\n<p>Hallani fogod az \u0150si Hangot magadon bel\u00fcl reag\u00e1lni vagy visszhangozni,<\/p>\n<p>Mert a te kapcsolatod nagyon m\u00e9lyre megy.<\/p>\n<p>Olyan az, mint a f\u00f6ld felsz\u00edne alatti \u00e1ramlatok<\/p>\n<p>A sivatag alatt<\/p>\n<p>A legtiszt\u00e1bb v\u00edz\u0171 f\u00f6ldalatti \u00e1ramlatok,<\/p>\n<p>Amit viszont a felsz\u00ednr\u0151l n\u00e9zve nem lehet l\u00e1tni,<\/p>\n<p>S amit csak m\u00e1s \u00faton lehet felfedezni.<\/p>\n<p>Mik\u00f6zben\u00e9letedet a felsz\u00ednen \u00e9led,<\/p>\n<p>A legm\u00e9lyebb bens\u0151dben<\/p>\n<p>Istenhez vagy kapcsolva.<\/p>\n<p>S ezt a kapcsolatot megtapasztalni<\/p>\n<p>Csak az elh\u00edv\u00e1s, valamint az arra val\u00f3 reag\u00e1l\u00e1s \u00fatj\u00e1n lehet,<\/p>\n<p>Azzal, hogy a m\u00e9lyebb Hangot s egy nagyobb ir\u00e1nyt k\u00f6vetsz.<\/p>\n<p>Az emberek azt k\u00e9rdezik: Mi\u00e9rt? Mi\u00e9rt t\u00f6rt\u00e9nik ez?<\/p>\n<p>Le kell \u00e1lljanak \u00e9s hallgatniuk kell,<\/p>\n<p>\u00c9s meg kell tanulniuk hallgatni,<\/p>\n<p>Figyelm\u00fclet teljesen erre a pillanatra ford\u00edtani ahhoz,<\/p>\n<p>Hogy meghallj\u00e1k, meg\u00e9rezz\u00e9k \u00e9s megl\u00e1ss\u00e1k<\/p>\n<p>Mik\u00e9nt kavarog benn\u00fck a Kinyilatkoztat\u00e1s,<\/p>\n<p>\u00cdgy kavarog azt\u00e1n a Kinyilatkoztat\u00e1s,<\/p>\n<p>A minden emberen bel\u00fcli Kinyilatkoztat\u00e1s.<\/p>\n<p>\u00cdgy sz\u00f3l Isten a vil\u00e1ghoz<\/p>\n<p>A Kinyilatkoztat\u00e1s Idej\u00e9n.<\/p>\n<p>Ez a legm\u00e9lyebb \u00e9s a legjelent\u0151sebb szinten val\u00f3 viszony.<\/p>\n<p>Istent\u0151l nem tudsz elszakadni,<\/p>\n<p>Mivel Isten mindenhov\u00e1 veled megy.<\/p>\n<p>Minden tev\u00e9kenys\u00e9gedben ott van.<\/p>\n<p>Csak a gondolataid r\u00e9v\u00e9n lehetsz elv\u00e1lasztva,<\/p>\n<p>M\u00e1s dolgokkal azonosulva.<\/p>\n<p>De az \u0150si Hang benned van,<\/p>\n<p>Reag\u00e1l\u00e1sra h\u00edv,<\/p>\n<p>Hol vez\u00e9rel t\u00e9ged,<\/p>\n<p>Hol visszafog t\u00e9ged.<\/p>\n<p>Hogy m\u00e9lyebb el\u0151\u00e9rzeteidet<\/p>\n<p>\u00c9s sz\u00edved \u00f6szt\u00f6nz\u00e9seit meg tudd \u00e9rteni,<\/p>\n<p>El kell kezdened hallgatni,<\/p>\n<p>Hallgatni \u00f6nmagadon bel\u00fcl.<\/p>\n<p>Hallgasd meg a vil\u00e1got \u00edt\u00e9lkez\u00e9s \u00e9s elit\u00e9l\u00e9s n\u00e9lk\u00fcl.<\/p>\n<p>Hallgass az bek\u00f6vetkez\u0151 jelekre.<\/p>\n<p>Hallgass arra, hogy hogyan kell majd azokra reag\u00e1lnod.<\/p>\n<p>Hallgass arra, hogy kivel kell legy\u00e9l \u00e9s kivel nem.<\/p>\n<p>Itt nem f\u00e9lelmet k\u00f6vetsz.<\/p>\n<p>Itt nincs elit\u00e9l\u00e9sr\u0151l sz\u00f3.<\/p>\n<p>Itt egy nagyobb megk\u00fcl\u00f6nb\u00f6ztet\u0151 k\u00e9pess\u00e9gr\u0151l,<\/p>\n<p>Egy nagyobb felismer\u00e9sr\u0151l van sz\u00f3.<\/p>\n<p>Isten bel\u00e9d \u00fcltette a Tud\u00e1st,<\/p>\n<p>Hogy az vezessen \u00e9s az \u00f3vjon meg t\u00e9ged,<\/p>\n<p>S hogy egy nagyobb \u00e9lethez,<\/p>\n<p>\u00c9s a vil\u00e1gban val\u00f3 k\u00f6zrem\u0171k\u00f6d\u00e9shez juttasson el t\u00e9ged.<\/p>\n<p>Ez az \u00e9rtelem birodalm\u00e1n \u00e9s hozz\u00e1f\u00e9rhet\u0151s\u00e9g\u00e9n t\u00fal van.<\/p>\n<p>Egy m\u00e9lyebb szinten megy ez v\u00e9gbe.<\/p>\n<p>Mihelyt megtapasztalod ezt,<\/p>\n<p>Nagyobb megk\u00fcl\u00f6nb\u00f6ztet\u0151 k\u00e9pess\u00e9gre kezdesz majd szert tenni.<\/p>\n<p>\u00d3vatosabb leszel azon a t\u00e9ren, amit teszel<\/p>\n<p>S hogy kivel fogsz egy t\u00e1rsas\u00e1gban forogni.<\/p>\n<p>M\u00e9lyen odafigyelsz majd m\u00e1sokra, hogy megl\u00e1sd<\/p>\n<p>Legyen-e vel\u00fckk\u00f6z\u00f6s kapcsolatod,<\/p>\n<p>S hogy tulajdonk\u00e9ppen mi az amit kommunik\u00e1lnak fel\u00e9d.<\/p>\n<p>Az emberek sok mindent elhisznek,<\/p>\n<p>De vajmi keveset tudnak.<\/p>\n<p>Az elme felsz\u00edn\u00e9n \u00e9lnek,<\/p>\n<p>Ami mindig forrong \u00e9s k\u00e1oszban van,<\/p>\n<p>Szelekt\u0151l hajtott<\/p>\n<p>\u00c9s a vil\u00e1g szenved\u00e9lyeit\u0151l felkorb\u00e1csolt.<\/p>\n<p>Hitn\u00e9zeteikkel p\u00f3tolj\u00e1k m\u00e9lyebb kapcsolataikat.<\/p>\n<p>Elfoglalats\u00e1gaikkal kiker\u00fclik<\/p>\n<p>A nagyobb kapcsolatv\u00e9telt, ami v\u00e9gsoron a sorsuk.<\/p>\n<p>Nem k\u00e9pesek tudni.<\/p>\n<p>Nem k\u00e9pesek reag\u00e1lni.<\/p>\n<p>Saj\u00e1t gondolataik elnyom\u00e1sa alatt teng\u0151dnek,<\/p>\n<p>Elm\u00e9j\u00fckre \u00e9s reakci\u00f3jukra \u00e9p\u00edtenek.<\/p>\n<p>Rabszolg\u00e1k \u0151k, s rabszolgak\u00e9nt \u00e9lnek.<\/p>\n<p>De a Miszt\u00e9rium benn\u00fck van.<\/p>\n<p>Ez a legfontosabb dolog az \u00e9letben.<\/p>\n<p>Minden c\u00e9l el\u00e9r\u00e9s\u00e9n,<\/p>\n<p>Vagyonszerz\u00e9sen<\/p>\n<p>T\u00e1rskeres\u00e9sen<\/p>\n<p>\u00c9s t\u00e1rsadalmi elismer\u00e9sen t\u00falmen\u0151en,<\/p>\n<p>Ez a legfontosabb dolog,<\/p>\n<p>Mivel ez a kapcsolatv\u00e9tel nagyobb ar\u00e9n\u00e1ja.<\/p>\n<p>A Miszt\u00e9rium mindennek a forr\u00e1sa.<\/p>\n<p>Minden nagy felfedez\u00e9snek \u00e9s szolg\u00e1latnak,<\/p>\n<p>A nagyviszonyoknak,<\/p>\n<p>A nagy tapasztalatoknak,<\/p>\n<p>Ezeknek mind a Miszt\u00e9rium az eredete,<\/p>\n<p>Annak is hogy te ki vagy,<\/p>\n<p>Hogy mi\u00e9rt vagy itt,<\/p>\n<p>Hogy mi az ami h\u00edv most t\u00e9ged,<\/p>\n<p>A nagyobb t\u00e1rsas\u00e1godnak,<\/p>\n<p>A vil\u00e1gon bel\u00fcli bizonyos emberekkel val\u00f3 sorsodnak,<\/p>\n<p>Annak a k\u00e9pess\u00e9gednek, amivel p\u00e1ly\u00e1dra r\u00e1tal\u00e1lsz,<\/p>\n<p>M\u00edg mindenki m\u00e1s k\u00f6r\u00fcl\u00f6tted<\/p>\n<p>Csak alszik, \u00e1lmodozik s reag\u00e1lni k\u00e9ptelen.<\/p>\n<p>Ezt az az \u00fat, amit meg kell j\u00e1rnod,<\/p>\n<p>K\u00fcl\u00f6nben \u00e9leted nem lesz<\/p>\n<p>Egy zaklatott \u00e1lomn\u00e1l t\u00f6bb.<\/p>\n<p>Amikor azt\u00e1n visszat\u00e9rsz Szellemi Csal\u00e1dodhoz,<\/p>\n<p>Miut\u00e1n ezt a vil\u00e1got elhagytad,<\/p>\n<p>Szem\u00fcgyre vesznek majd t\u00e9ged,<\/p>\n<p>Hogy elv\u00e9gezted-e a feladatodat,<\/p>\n<p>S hogy m\u00e9lyebb kapcsolatot tudt\u00e1l-e megteremteni.<\/p>\n<p>S hogyfogod-e egy\u00e1latl\u00e1n tudni hogy el\u00e9rted-e azt<\/p>\n<p>Vagy sem.<\/p>\n<p>Itt \u00edt\u00e9letr\u0151l vagy \u00edt\u00e9lkez\u00e9sr\u0151l sz\u00f3 sincs,<\/p>\n<p>Csup\u00e1n a dolgok elismer\u00e9s\u00e9r\u0151l.<\/p>\n<p>Itt ami azel\u00f6tt titokzatos volt, most maga a val\u00f3s\u00e1g lesz.<\/p>\n<p>\u00c9s priorit\u00e1said vil\u00e1goss\u00e1 v\u00e1lnak el\u00f6tted.<\/p>\n<p>Itt nem terel\u0151dik el a figyelem.<\/p>\n<p>Itt nem \u00fctk\u00f6z\u00f6l ellen\u00e1ll\u00e1sba.<\/p>\n<p>Itt akarod majd a visszat\u00e9r\u00e9tst,<\/p>\n<p>Azt fogod mondogatni magadban :<\/p>\n<p>\u201cEz\u00fattal em\u00e9kezni fogok.<\/p>\n<p>Most m\u00e1r tudok.<\/p>\n<p>Most m\u00e1r l\u00e1tok.<\/p>\n<p>Eml\u00e9kezni fogok\u201d.<\/p>\n<p>Csakhogy itt most kell eml\u00e9kezz\u00e9l, m\u00edg itt vagy.<\/p>\n<p>Ez itt a nagy k\u00fcl\u00f6nbs\u00e9g.<\/p>\n<p>Ez minden fontos dolognak a kiindul\u00f3pontja.<\/p>\n<p>Ez \u00e9leted fordul\u00f3pontja.<\/p>\n<p>Ez csak az\u00e9rt annyira titokzatos, mert lev\u00e1lasztottad magadat ett\u0151l,<\/p>\n<p>Belekeveredt\u00e9l a forma vil\u00e1g\u00e1ba,<\/p>\n<p>Elveszt\u00e9l a vil\u00e1gban,<\/p>\n<p>Mint egy\u00e9n feln\u00f6vekedve benne<\/p>\n<p>Egy neh\u00e9z \u00e9s \u00e9s v\u00e1ltoz\u00f3 vil\u00e1ghoz alkalmazkodt\u00e1l.<\/p>\n<p>Azt\u00e1n valami be\u00fct, ami eml\u00e9ketet t\u00e9ged valamire,<\/p>\n<p>S kezded majd r\u00e1\u00e9rezni a Miszt\u00e9riumra, ami veled<\/p>\n<p>\u00c9s benned van<\/p>\n<p>\u00c9s kihat\u00e1ssal van r\u00e1d.<\/p>\n<p>Ennek a Forr\u00e1sa t\u00f3l van a fizikai val\u00f3s\u00e1gon,<\/p>\n<p>Mert aki te val\u00f3j\u00e1ban vagy, az a fizikai vil\u00e1gon t\u00fal van.<\/p>\n<p>S ahov\u00e1 v\u00e9g\u00fcl is menni fogsz, az t\u0151l van a fizikai vil\u00e1gon,<\/p>\n<p>T\u00e9ged viszont arra sz\u00e1ntak, hogy itt legy\u00e9l,<\/p>\n<p>Mert egy bizonyos c\u00e9lb\u00f3l lett\u00e9l ide k\u00fcldve.<\/p>\n<p>Err\u0151l a Miszt\u00e9riumr\u0151l vna itt sz\u00f3.<\/p>\n<p>Az\u00e9rt sz\u00f3lunk ezekr\u0151l a dolgokr\u00f3l,<\/p>\n<p>Kapcsolatv\u00e9tel\u00fcnk m\u00e9lyebb szinten t\u00f6rt\u00e9nhessen veled,<\/p>\n<p>Hogy el\u0151h\u00edvjuk bel\u0151led azt, ami val\u00f3di \u00e9s hiteles,<\/p>\n<p>Hogy egy olyan r\u00e9szedhez sz\u00f3ljunk,<\/p>\n<p>Amit alig ismersz, amir\u0151l alig tudsz,<\/p>\n<p>S ami val\u00f3j\u00e1ban a te nagyobbik r\u00e9szed.<\/p>\n<p>Ez a r\u00e9szed reag\u00e1lni fog<\/p>\n<p>A Mi egy\u00fcttes \u0151si elhat\u00e1roz\u00e1sunk miatt.<\/p>\n<p>Te ett\u0151l most f\u00e9lsz,<\/p>\n<p>De egyben v\u00e1gy\u00f3dsz is r\u00e1.<\/p>\n<p>Ez egy term\u00e9szetes v\u00e1gy,<\/p>\n<p>Sokkal term\u00e9setesebbe ann\u00e1l amit teszel,<\/p>\n<p>Vagyamit ak\u00e1r meg tudn\u00e1l tenni a vil\u00e1gban.<\/p>\n<p>Ez a Kapcsolatv\u00e9tel.<\/p>\n","protected":false},"excerpt":{"rendered":"<p>Amint Isten Hirn\u00f6k\u00e9nek, Marshall Vian Summers-nek lett kinyilatkoztatva 2011, \u00e1prilis 16-\u00e1n Boulder, Colorado-ban (USA) Itt most a Magasabb Tekint\u00e9ly sz\u00f3l hozz\u00e1d az Angyali Jelenl\u00e9t \u00fatj\u00e1n, m\u00e9gpedig egy olyan r\u00e9szedhez sz\u00f3lva, ami saj\u00e1t L\u00e9nyed k\u00f6zponti magva \u00e9s forr\u00e1sa, s amely t\u00e1rsadalmi kondicion\u00e1l\u00e1sodon, elk\u00e9pzel\u00e9seiden \u00e9s hitn\u00e9zetetiden, valamint a kult\u00far\u00e1dr\u00f3l, de m\u00e9g a vall\u00e1sodr\u00f3l is alkotott elk\u00e9pzel\u00e9seiden \u00e9s [&hellip;]<\/p>\n","protected":false},"author":77,"featured_media":0,"comment_status":"closed","ping_status":"open","sticky":false,"template":"","format":"standard","meta":{"_monsterinsights_skip_tracking":false,"_monsterinsights_sitenote_active":false,"_monsterinsights_sitenote_note":"","_monsterinsights_sitenote_category":0,"footnotes":""},"categories":[65],"tags":[41],"_links":{"self":[{"href":"https:\/\/www.v6.newmessage.org\/hu\/wp-json\/wp\/v2\/posts\/5426"}],"collection":[{"href":"https:\/\/www.v6.newmessage.org\/hu\/wp-json\/wp\/v2\/posts"}],"about":[{"href":"https:\/\/www.v6.newmessage.org\/hu\/wp-json\/wp\/v2\/types\/post"}],"author":[{"embeddable":true,"href":"https:\/\/www.v6.newmessage.org\/hu\/wp-json\/wp\/v2\/users\/77"}],"replies":[{"embeddable":true,"href":"https:\/\/www.v6.newmessage.org\/hu\/wp-json\/wp\/v2\/comments?post=5426"}],"version-history":[{"count":3,"href":"https:\/\/www.v6.newmessage.org\/hu\/wp-json\/wp\/v2\/posts\/5426\/revisions"}],"predecessor-version":[{"id":5579,"href":"https:\/\/www.v6.newmessage.org\/hu\/wp-json\/wp\/v2\/posts\/5426\/revisions\/5579"}],"wp:attachment":[{"href":"https:\/\/www.v6.newmessage.org\/hu\/wp-json\/wp\/v2\/media?parent=5426"}],"wp:term":[{"taxonomy":"category","embeddable":true,"href":"https:\/\/www.v6.newmessage.org\/hu\/wp-json\/wp\/v2\/categories?post=5426"},{"taxonomy":"post_tag","embeddable":true,"href":"https:\/\/www.v6.newmessage.org\/hu\/wp-json\/wp\/v2\/tags?post=5426"}],"curies":[{"name":"wp","href":"https:\/\/api.w.org\/{rel}","templated":true}]}}